{"id":1243,"date":"2019-07-19T22:53:13","date_gmt":"2019-07-20T01:53:13","guid":{"rendered":"https:\/\/blog.cachacacanela-de-ema.com.br\/?p=1243"},"modified":"2025-08-23T16:12:55","modified_gmt":"2025-08-23T19:12:55","slug":"por-que-cachaca-canela-de-ema","status":"publish","type":"post","link":"https:\/\/blog.cachacacanela-de-ema.com.br\/en\/por-que-cachaca-canela-de-ema\/","title":{"rendered":"Por que Cacha\u00e7a Canela-de-Ema?"},"content":{"rendered":"<p><a href=\"https:\/\/herboristaastral.files.wordpress.com\/2014\/03\/canela_ema.jpg\">Canela-de-ema<\/a>, da fam\u00edlia Velloziaceae, \u00e9 uma planta hermafrodita rara e curiosa, encontrada nos cerrados das altitudes. \u00c9 quase um f\u00f3ssil vivo de t\u00e3o antiga, e pode chegar a 6 metros de altura. \u00c9 denominada f\u00e9nix do cerrado, pois \u00e9 a primeira que brota ap\u00f3s as costumeiras queimadas do seu habitat. O caule serve como lenha e, quando batido, tamb\u00e9m serve como pincel, \u00e9 usado em artesanato para a montagem de arranjos florais e suas fibras tamb\u00e9m podem ser usadas para a confec\u00e7\u00e3o de cord\u00f5es e sacos.<\/p>\n<p><b><a href=\"https:\/\/pt.wikipedia.org\/wiki\/Velloziaceae\">Velloziaceae<\/a><\/b><span>&nbsp;<\/span>\u00e9 uma fam\u00edlia de<span>&nbsp;<\/span><a href=\"https:\/\/pt.wikipedia.org\/wiki\/Angiosperma\" title=\"Angiosperma\">angiospermas<\/a><span>&nbsp;<\/span>monocotiled\u00f4neas nativas e n\u00e3o<span>&nbsp;<\/span><a href=\"https:\/\/pt.wikipedia.org\/wiki\/Endemismo\" title=\"Endemismo\">end\u00eamicas<\/a><span>&nbsp;<\/span>do Brasil.<span>&nbsp;<\/span>Ela pertence \u00e0 ordem<span>&nbsp;<\/span><a href=\"https:\/\/pt.wikipedia.org\/wiki\/Pandanales\" title=\"Pandanales\">Pandanales<\/a>, possuindo cerca de 250 esp\u00e9cies divididas em sete g\u00eaneros: <i>Acanthochlamys<\/i>,<span>&nbsp;<\/span><i>Barbacenia<\/i>,<span>&nbsp;<\/span><i>Barbaceniopsis<\/i>,<span>&nbsp;<\/span><i>Nanuza<\/i>,<span>&nbsp;<\/span><i>Talbotia<\/i>,<span>&nbsp;<\/span><i>Vellozia<\/i><span>&nbsp;<\/span>e<span>&nbsp;<\/span><i>Xerophyta.<\/i><\/p>\n<p>Entre as esp\u00e9cies de Velloziaceae, a maioria ocorre na<span>&nbsp;<\/span><a href=\"https:\/\/pt.wikipedia.org\/wiki\/Regi%C3%A3o_neotropical\" title=\"Regi\u00e3o neotropical\">regi\u00e3o neotropical<\/a>, estando concentradas nos<span>&nbsp;<\/span><a href=\"https:\/\/pt.wikipedia.org\/wiki\/Campos_rupestres\" title=\"Campos rupestres\">campos rupestres<\/a><span>&nbsp;<\/span>do Brasil, enquanto o restante est\u00e1 distribu\u00eddo entre \u00c1frica,<span>&nbsp;<\/span><a href=\"https:\/\/pt.wikipedia.org\/wiki\/Ar%C3%A1bia\" title=\"Ar\u00e1bia\">pen\u00ednsula ar\u00e1bica<\/a><span>&nbsp;<\/span>e China, as duas \u00faltimas com apenas uma esp\u00e9cie cada.<\/p>\n<p>Entre as esp\u00e9cies de<span>&nbsp;<\/span><i>Vellozia<\/i>, destaca-se<span>&nbsp;<\/span><i>Vellozia squamata<\/i>, popularmente conhecida como<span>&nbsp;<\/span><a href=\"https:\/\/pt.wikipedia.org\/wiki\/Canela-de-ema\" title=\"Canela-de-ema\">canela-de-ema<\/a>, um arbusto com import\u00e2ncia medicinal, podendo ser usada como anti-inflamat\u00f3rio, e import\u00e2ncia ornamental.<\/p>\n<figure id=\"attachment_1034\"><div class=\"tiled-gallery type-rectangular tiled-gallery-unresized\" data-original-width=\"750\" data-carousel-extra='{&quot;blog_id&quot;:1,&quot;permalink&quot;:&quot;https:\\\/\\\/blog.cachacacanela-de-ema.com.br\\\/en\\\/por-que-cachaca-canela-de-ema\\\/&quot;,&quot;likes_blog_id&quot;:161072843}' itemscope itemtype=\"http:\/\/schema.org\/ImageGallery\" > <div class=\"gallery-row\" style=\"width: 750px; height: 594px;\" data-original-width=\"750\" data-original-height=\"594\" > <div class=\"gallery-group images-1\" style=\"width: 460px; height: 594px;\" data-original-width=\"460\" data-original-height=\"594\" > <div class=\"tiled-gallery-item tiled-gallery-item-large\" itemprop=\"associatedMedia\" itemscope itemtype=\"http:\/\/schema.org\/ImageObject\"> <a href=\"https:\/\/blog.cachacacanela-de-ema.com.br\/en\/canela-e-ema\/\" border=\"0\" itemprop=\"url\"> <meta itemprop=\"width\" content=\"456\"> <meta itemprop=\"height\" content=\"590\"> <img decoding=\"async\" class=\"\" data-attachment-id=\"1034\" data-orig-file=\"https:\/\/blog.cachacacanela-de-ema.com.br\/wp-content\/uploads\/2019\/06\/canela-e-ema-3663652667-1562506796303.jpg\" data-orig-size=\"534,690\" data-comments-opened=\"1\" data-image-meta=\"{&quot;aperture&quot;:&quot;0&quot;,&quot;credit&quot;:&quot;&quot;,&quot;camera&quot;:&quot;&quot;,&quot;caption&quot;:&quot;&quot;,&quot;created_timestamp&quot;:&quot;0&quot;,&quot;copyright&quot;:&quot;&quot;,&quot;focal_length&quot;:&quot;0&quot;,&quot;iso&quot;:&quot;0&quot;,&quot;shutter_speed&quot;:&quot;0&quot;,&quot;title&quot;:&quot;&quot;,&quot;orientation&quot;:&quot;0&quot;}\" data-image-title=\"flor-canela-e-ema\" data-image-description=\"&lt;p&gt;uma flor de canela-de-ema lil\u00e1s, no centro do foco, enfeita e alegra o centro oeste do Brasil&lt;\/p&gt; \" data-medium-file=\"https:\/\/i0.wp.com\/blog.cachacacanela-de-ema.com.br\/wp-content\/uploads\/2019\/06\/canela-e-ema-3663652667-1562506796303.jpg?fit=232%2C300&#038;ssl=1\" data-large-file=\"https:\/\/i0.wp.com\/blog.cachacacanela-de-ema.com.br\/wp-content\/uploads\/2019\/06\/canela-e-ema-3663652667-1562506796303.jpg?fit=534%2C690&#038;ssl=1\" src=\"https:\/\/i0.wp.com\/blog.cachacacanela-de-ema.com.br\/wp-content\/uploads\/2019\/06\/canela-e-ema-3663652667-1562506796303.jpg?w=456&#038;h=590&#038;ssl=1\" srcset=\"https:\/\/i0.wp.com\/blog.cachacacanela-de-ema.com.br\/wp-content\/uploads\/2019\/06\/canela-e-ema-3663652667-1562506796303.jpg?w=534&amp;ssl=1 534w, https:\/\/i0.wp.com\/blog.cachacacanela-de-ema.com.br\/wp-content\/uploads\/2019\/06\/canela-e-ema-3663652667-1562506796303.jpg?resize=232%2C300&amp;ssl=1 232w\" width=\"456\" height=\"590\" loading=\"lazy\" data-original-width=\"456\" data-original-height=\"590\" itemprop=\"http:\/\/schema.org\/image\" title=\"flor-canela-e-ema\" alt=\"Flor da Canela-de-ema comest\u00edvel e decorativa\" style=\"width: 456px; height: 590px;\" \/> <\/a> <div class=\"tiled-gallery-caption\" itemprop=\"caption description\"> Flor da planta, V. Squamata, Canela-de-Ema, natural do cerrado <\/div> <\/div> <\/div> <!-- close group --> <div class=\"gallery-group images-2\" style=\"width: 290px; height: 594px;\" data-original-width=\"290\" data-original-height=\"594\" > <div class=\"tiled-gallery-item tiled-gallery-item-large\" itemprop=\"associatedMedia\" itemscope itemtype=\"http:\/\/schema.org\/ImageObject\"> <a href=\"https:\/\/blog.cachacacanela-de-ema.com.br\/en\/cropped-cropped-logo-2-1-jpg\/\" border=\"0\" itemprop=\"url\"> <meta itemprop=\"width\" content=\"286\"> <meta itemprop=\"height\" content=\"286\"> <img decoding=\"async\" class=\"\" data-attachment-id=\"670\" data-orig-file=\"https:\/\/blog.cachacacanela-de-ema.com.br\/wp-content\/uploads\/2019\/04\/cropped-cropped-logo-2-1.jpg\" data-orig-size=\"834,834\" data-comments-opened=\"1\" data-image-meta=\"{&quot;aperture&quot;:&quot;0&quot;,&quot;credit&quot;:&quot;&quot;,&quot;camera&quot;:&quot;&quot;,&quot;caption&quot;:&quot;&quot;,&quot;created_timestamp&quot;:&quot;0&quot;,&quot;copyright&quot;:&quot;&quot;,&quot;focal_length&quot;:&quot;0&quot;,&quot;iso&quot;:&quot;0&quot;,&quot;shutter_speed&quot;:&quot;0&quot;,&quot;title&quot;:&quot;&quot;,&quot;orientation&quot;:&quot;0&quot;}\" data-image-title=\"logomarca-cacha\u00e7a-canela-de-ema-branco\" data-image-description=\"&lt;p&gt;Logomarca oficial, varia\u00e7\u00e3o em branco e verde, da empresa Agroneg\u00f3cios Fazenda Lagoa Seca do Brasil LTDA. Nome fantasia de Cacha\u00e7a canela-de-ema.&lt;\/p&gt; \" data-medium-file=\"https:\/\/i0.wp.com\/blog.cachacacanela-de-ema.com.br\/wp-content\/uploads\/2019\/04\/cropped-cropped-logo-2-1.jpg?fit=300%2C300&#038;ssl=1\" data-large-file=\"https:\/\/i0.wp.com\/blog.cachacacanela-de-ema.com.br\/wp-content\/uploads\/2019\/04\/cropped-cropped-logo-2-1.jpg?fit=750%2C750&#038;ssl=1\" src=\"https:\/\/i0.wp.com\/blog.cachacacanela-de-ema.com.br\/wp-content\/uploads\/2019\/04\/cropped-cropped-logo-2-1.jpg?w=286&#038;h=286&#038;crop=1&#038;ssl=1\" srcset=\"https:\/\/i0.wp.com\/blog.cachacacanela-de-ema.com.br\/wp-content\/uploads\/2019\/04\/cropped-cropped-logo-2-1.jpg?w=834&amp;ssl=1 834w, https:\/\/i0.wp.com\/blog.cachacacanela-de-ema.com.br\/wp-content\/uploads\/2019\/04\/cropped-cropped-logo-2-1.jpg?resize=150%2C150&amp;ssl=1 150w, https:\/\/i0.wp.com\/blog.cachacacanela-de-ema.com.br\/wp-content\/uploads\/2019\/04\/cropped-cropped-logo-2-1.jpg?resize=300%2C300&amp;ssl=1 300w, https:\/\/i0.wp.com\/blog.cachacacanela-de-ema.com.br\/wp-content\/uploads\/2019\/04\/cropped-cropped-logo-2-1.jpg?resize=768%2C768&amp;ssl=1 768w\" width=\"286\" height=\"286\" loading=\"lazy\" data-original-width=\"286\" data-original-height=\"286\" itemprop=\"http:\/\/schema.org\/image\" title=\"logomarca-cacha\u00e7a-canela-de-ema-branco\" alt=\"Logomarca cacha\u00e7a canela de ema com alus\u00e3o ao cerrado\" style=\"width: 286px; height: 286px;\" \/> <\/a> <div class=\"tiled-gallery-caption\" itemprop=\"caption description\"> Logomarca Cacha\u00e7a canela-de-ema varia\u00e7\u00e3o em branco <\/div> <\/div> <div class=\"tiled-gallery-item tiled-gallery-item-large\" itemprop=\"associatedMedia\" itemscope itemtype=\"http:\/\/schema.org\/ImageObject\"> <a href=\"https:\/\/blog.cachacacanela-de-ema.com.br\/en\/img-20190915-wa0005313696179403937612\/\" border=\"0\" itemprop=\"url\"> <meta itemprop=\"width\" content=\"286\"> <meta itemprop=\"height\" content=\"300\"> <img decoding=\"async\" class=\"\" data-attachment-id=\"1399\" data-orig-file=\"https:\/\/blog.cachacacanela-de-ema.com.br\/wp-content\/uploads\/2019\/12\/img-20190915-wa0005313696179403937612.jpg\" data-orig-size=\"1218,1280\" data-comments-opened=\"1\" data-image-meta=\"{&quot;aperture&quot;:&quot;0&quot;,&quot;credit&quot;:&quot;&quot;,&quot;camera&quot;:&quot;&quot;,&quot;caption&quot;:&quot;&quot;,&quot;created_timestamp&quot;:&quot;0&quot;,&quot;copyright&quot;:&quot;&quot;,&quot;focal_length&quot;:&quot;0&quot;,&quot;iso&quot;:&quot;0&quot;,&quot;shutter_speed&quot;:&quot;0&quot;,&quot;title&quot;:&quot;&quot;,&quot;orientation&quot;:&quot;0&quot;}\" data-image-title=\"selo-cachaca-canela-de-ema\" data-image-description=\"&lt;p&gt;logomarca do emp\u00f3rio cacha\u00e7a canela-de-ema adesivado nas embalagens do pr\u00f3pria emp\u00f3rio ou nas embalagens dos parceiros.&lt;\/p&gt; \" data-medium-file=\"https:\/\/i0.wp.com\/blog.cachacacanela-de-ema.com.br\/wp-content\/uploads\/2019\/12\/img-20190915-wa0005313696179403937612.jpg?fit=285%2C300&#038;ssl=1\" data-large-file=\"https:\/\/i0.wp.com\/blog.cachacacanela-de-ema.com.br\/wp-content\/uploads\/2019\/12\/img-20190915-wa0005313696179403937612.jpg?fit=750%2C789&#038;ssl=1\" src=\"https:\/\/i0.wp.com\/blog.cachacacanela-de-ema.com.br\/wp-content\/uploads\/2019\/12\/img-20190915-wa0005313696179403937612.jpg?w=286&#038;h=300&#038;ssl=1\" srcset=\"https:\/\/i0.wp.com\/blog.cachacacanela-de-ema.com.br\/wp-content\/uploads\/2019\/12\/img-20190915-wa0005313696179403937612.jpg?w=1218&amp;ssl=1 1218w, https:\/\/i0.wp.com\/blog.cachacacanela-de-ema.com.br\/wp-content\/uploads\/2019\/12\/img-20190915-wa0005313696179403937612.jpg?resize=285%2C300&amp;ssl=1 285w, https:\/\/i0.wp.com\/blog.cachacacanela-de-ema.com.br\/wp-content\/uploads\/2019\/12\/img-20190915-wa0005313696179403937612.jpg?resize=974%2C1024&amp;ssl=1 974w, https:\/\/i0.wp.com\/blog.cachacacanela-de-ema.com.br\/wp-content\/uploads\/2019\/12\/img-20190915-wa0005313696179403937612.jpg?resize=768%2C807&amp;ssl=1 768w, https:\/\/i0.wp.com\/blog.cachacacanela-de-ema.com.br\/wp-content\/uploads\/2019\/12\/img-20190915-wa0005313696179403937612.jpg?resize=600%2C631&amp;ssl=1 600w\" width=\"286\" height=\"300\" loading=\"lazy\" data-original-width=\"286\" data-original-height=\"300\" itemprop=\"http:\/\/schema.org\/image\" title=\"selo-cachaca-canela-de-ema\" alt=\"cacha\u00e7a canela-de-ema brasil\" style=\"width: 286px; height: 300px;\" \/> <\/a> <div class=\"tiled-gallery-caption\" itemprop=\"caption description\"> Selo &#8220;cacha\u00e7a Canela-de-ema&#8221; garantia da entrega e da qualidade dos produtos negociados no Emp\u00f3rio. <\/div> <\/div> <\/div> <!-- close group --> <\/div> <!-- close row --> <\/div>\u00c9 uma planta nativa e end\u00eamica da flora do Brasil, ou seja, sendo encontrada apenas em nosso pa\u00eds e restrita ao bioma Cerrado dos estados de Bahia, Minas Gerias, Goi\u00e1s, Distrito Federal e Mato Grosso, nas forma\u00e7\u00f5es tipo campo rupestre e cerrado latu sensu. Cresce em solos pobres ou mesmo sobre pedras.<\/figure>\n<p>A flor possui uma beleza \u00fanica, tons violeta, lil\u00e1s e branco e curiosamente s\u00e3o comest\u00edveis! Sua raiz, em Minas Gerais, \u00e9 muito usada para fazer ch\u00e1s, para combater reumatismos e dores de coluna. As folhas s\u00e3o bastante utilizadas para arranjos florais e selecionadas pelo gado bovino em \u00e1reas de pastagem nativas, principalmente em \u00e9pocas de seca. Acredita se ainda que seu floral d\u00e1 for\u00e7a e coragem a quem o toma.<\/p>\n<p><span>Al\u00e9m do ch\u00e1 da raiz, a canela-de-ema tem um grande poder medicinal. Os compostos qu\u00edmicos de uma de suas raras esp\u00e9cies, a Vellozia nanuzae, est\u00e3o sendo estudados para fins medicinais, inclusive no combate \u00e0 Aids!<\/span><\/p>\n<p><div class=\"tiled-gallery type-rectangular tiled-gallery-unresized\" data-original-width=\"750\" data-carousel-extra='{&quot;blog_id&quot;:1,&quot;permalink&quot;:&quot;https:\\\/\\\/blog.cachacacanela-de-ema.com.br\\\/en\\\/por-que-cachaca-canela-de-ema\\\/&quot;,&quot;likes_blog_id&quot;:161072843}' itemscope itemtype=\"http:\/\/schema.org\/ImageGallery\" > <div class=\"gallery-row\" style=\"width: 750px; height: 376px;\" data-original-width=\"750\" data-original-height=\"376\" > <div class=\"gallery-group images-1\" style=\"width: 500px; height: 376px;\" data-original-width=\"500\" data-original-height=\"376\" > <div class=\"tiled-gallery-item tiled-gallery-item-large\" itemprop=\"associatedMedia\" itemscope itemtype=\"http:\/\/schema.org\/ImageObject\"> <a href=\"https:\/\/blog.cachacacanela-de-ema.com.br\/en\/por-que-cachaca-canela-de-ema\/vellozzia\/\" border=\"0\" itemprop=\"url\"> <meta itemprop=\"width\" content=\"496\"> <meta itemprop=\"height\" content=\"372\"> <img decoding=\"async\" class=\"\" data-attachment-id=\"6127\" data-orig-file=\"https:\/\/blog.cachacacanela-de-ema.com.br\/wp-content\/uploads\/2019\/07\/Vellozzia.jpeg\" data-orig-size=\"1280,960\" data-comments-opened=\"1\" data-image-meta=\"{&quot;aperture&quot;:&quot;0&quot;,&quot;credit&quot;:&quot;&quot;,&quot;camera&quot;:&quot;&quot;,&quot;caption&quot;:&quot;&quot;,&quot;created_timestamp&quot;:&quot;0&quot;,&quot;copyright&quot;:&quot;&quot;,&quot;focal_length&quot;:&quot;0&quot;,&quot;iso&quot;:&quot;0&quot;,&quot;shutter_speed&quot;:&quot;0&quot;,&quot;title&quot;:&quot;&quot;,&quot;orientation&quot;:&quot;0&quot;}\" data-image-title=\"Vellozzia\" data-image-description=\"&lt;p&gt;foto de Ad\u00e3o de faria&lt;\/p&gt; \" data-medium-file=\"https:\/\/i0.wp.com\/blog.cachacacanela-de-ema.com.br\/wp-content\/uploads\/2019\/07\/Vellozzia.jpeg?fit=300%2C225&#038;ssl=1\" data-large-file=\"https:\/\/i0.wp.com\/blog.cachacacanela-de-ema.com.br\/wp-content\/uploads\/2019\/07\/Vellozzia.jpeg?fit=750%2C563&#038;ssl=1\" src=\"https:\/\/i0.wp.com\/blog.cachacacanela-de-ema.com.br\/wp-content\/uploads\/2019\/07\/Vellozzia.jpeg?w=496&#038;h=372&#038;ssl=1\" srcset=\"https:\/\/i0.wp.com\/blog.cachacacanela-de-ema.com.br\/wp-content\/uploads\/2019\/07\/Vellozzia.jpeg?w=1280&amp;ssl=1 1280w, https:\/\/i0.wp.com\/blog.cachacacanela-de-ema.com.br\/wp-content\/uploads\/2019\/07\/Vellozzia.jpeg?resize=300%2C225&amp;ssl=1 300w, https:\/\/i0.wp.com\/blog.cachacacanela-de-ema.com.br\/wp-content\/uploads\/2019\/07\/Vellozzia.jpeg?resize=1024%2C768&amp;ssl=1 1024w, https:\/\/i0.wp.com\/blog.cachacacanela-de-ema.com.br\/wp-content\/uploads\/2019\/07\/Vellozzia.jpeg?resize=768%2C576&amp;ssl=1 768w, https:\/\/i0.wp.com\/blog.cachacacanela-de-ema.com.br\/wp-content\/uploads\/2019\/07\/Vellozzia.jpeg?resize=16%2C12&amp;ssl=1 16w, https:\/\/i0.wp.com\/blog.cachacacanela-de-ema.com.br\/wp-content\/uploads\/2019\/07\/Vellozzia.jpeg?resize=1200%2C900&amp;ssl=1 1200w, https:\/\/i0.wp.com\/blog.cachacacanela-de-ema.com.br\/wp-content\/uploads\/2019\/07\/Vellozzia.jpeg?resize=800%2C600&amp;ssl=1 800w, https:\/\/i0.wp.com\/blog.cachacacanela-de-ema.com.br\/wp-content\/uploads\/2019\/07\/Vellozzia.jpeg?resize=600%2C450&amp;ssl=1 600w, https:\/\/i0.wp.com\/blog.cachacacanela-de-ema.com.br\/wp-content\/uploads\/2019\/07\/Vellozzia.jpeg?resize=400%2C300&amp;ssl=1 400w, https:\/\/i0.wp.com\/blog.cachacacanela-de-ema.com.br\/wp-content\/uploads\/2019\/07\/Vellozzia.jpeg?resize=200%2C150&amp;ssl=1 200w\" width=\"496\" height=\"372\" loading=\"lazy\" data-original-width=\"496\" data-original-height=\"372\" itemprop=\"http:\/\/schema.org\/image\" title=\"Vellozzia\" alt=\"Vellozia-Squamata, chapada-dos -veadeiros-go\" style=\"width: 496px; height: 372px;\" \/> <\/a> <div class=\"tiled-gallery-caption\" itemprop=\"caption description\"> Vellozia Squamata ou Canela-de-ema <\/div> <\/div> <\/div> <!-- close group --> <div class=\"gallery-group images-2\" style=\"width: 250px; height: 376px;\" data-original-width=\"250\" data-original-height=\"376\" > <div class=\"tiled-gallery-item tiled-gallery-item-small\" itemprop=\"associatedMedia\" itemscope itemtype=\"http:\/\/schema.org\/ImageObject\"> <a href=\"https:\/\/blog.cachacacanela-de-ema.com.br\/en\/por-que-cachaca-canela-de-ema\/vellozia-4\/\" border=\"0\" itemprop=\"url\"> <meta itemprop=\"width\" content=\"246\"> <meta itemprop=\"height\" content=\"184\"> <img decoding=\"async\" class=\"\" data-attachment-id=\"6126\" data-orig-file=\"https:\/\/blog.cachacacanela-de-ema.com.br\/wp-content\/uploads\/2019\/07\/Vellozia.jpg\" data-orig-size=\"800,600\" data-comments-opened=\"1\" data-image-meta=\"{&quot;aperture&quot;:&quot;0&quot;,&quot;credit&quot;:&quot;&quot;,&quot;camera&quot;:&quot;&quot;,&quot;caption&quot;:&quot;&quot;,&quot;created_timestamp&quot;:&quot;0&quot;,&quot;copyright&quot;:&quot;&quot;,&quot;focal_length&quot;:&quot;0&quot;,&quot;iso&quot;:&quot;0&quot;,&quot;shutter_speed&quot;:&quot;0&quot;,&quot;title&quot;:&quot;&quot;,&quot;orientation&quot;:&quot;0&quot;}\" data-image-title=\"Vellozia\" data-image-description=\"\" data-medium-file=\"https:\/\/i0.wp.com\/blog.cachacacanela-de-ema.com.br\/wp-content\/uploads\/2019\/07\/Vellozia.jpg?fit=300%2C225&#038;ssl=1\" data-large-file=\"https:\/\/i0.wp.com\/blog.cachacacanela-de-ema.com.br\/wp-content\/uploads\/2019\/07\/Vellozia.jpg?fit=750%2C563&#038;ssl=1\" src=\"https:\/\/i0.wp.com\/blog.cachacacanela-de-ema.com.br\/wp-content\/uploads\/2019\/07\/Vellozia.jpg?w=246&#038;h=184&#038;ssl=1\" srcset=\"https:\/\/i0.wp.com\/blog.cachacacanela-de-ema.com.br\/wp-content\/uploads\/2019\/07\/Vellozia.jpg?w=800&amp;ssl=1 800w, https:\/\/i0.wp.com\/blog.cachacacanela-de-ema.com.br\/wp-content\/uploads\/2019\/07\/Vellozia.jpg?resize=300%2C225&amp;ssl=1 300w, https:\/\/i0.wp.com\/blog.cachacacanela-de-ema.com.br\/wp-content\/uploads\/2019\/07\/Vellozia.jpg?resize=768%2C576&amp;ssl=1 768w, https:\/\/i0.wp.com\/blog.cachacacanela-de-ema.com.br\/wp-content\/uploads\/2019\/07\/Vellozia.jpg?resize=16%2C12&amp;ssl=1 16w, https:\/\/i0.wp.com\/blog.cachacacanela-de-ema.com.br\/wp-content\/uploads\/2019\/07\/Vellozia.jpg?resize=600%2C450&amp;ssl=1 600w, https:\/\/i0.wp.com\/blog.cachacacanela-de-ema.com.br\/wp-content\/uploads\/2019\/07\/Vellozia.jpg?resize=400%2C300&amp;ssl=1 400w, https:\/\/i0.wp.com\/blog.cachacacanela-de-ema.com.br\/wp-content\/uploads\/2019\/07\/Vellozia.jpg?resize=200%2C150&amp;ssl=1 200w\" width=\"246\" height=\"184\" loading=\"lazy\" data-original-width=\"246\" data-original-height=\"184\" itemprop=\"http:\/\/schema.org\/image\" title=\"Vellozia\" alt=\"Vellozia-Squamata\" style=\"width: 246px; height: 184px;\" \/> <\/a> <div class=\"tiled-gallery-caption\" itemprop=\"caption description\"> Vellozia Squamata ou Canela-de-ema <\/div> <\/div> <div class=\"tiled-gallery-item tiled-gallery-item-small\" itemprop=\"associatedMedia\" itemscope itemtype=\"http:\/\/schema.org\/ImageObject\"> <a href=\"https:\/\/blog.cachacacanela-de-ema.com.br\/en\/por-que-cachaca-canela-de-ema\/vellozia\/\" border=\"0\" itemprop=\"url\"> <meta itemprop=\"width\" content=\"246\"> <meta itemprop=\"height\" content=\"184\"> <img decoding=\"async\" class=\"\" data-attachment-id=\"6125\" data-orig-file=\"https:\/\/blog.cachacacanela-de-ema.com.br\/wp-content\/uploads\/2019\/07\/vellozia.jpeg\" data-orig-size=\"1280,960\" data-comments-opened=\"1\" data-image-meta=\"{&quot;aperture&quot;:&quot;0&quot;,&quot;credit&quot;:&quot;&quot;,&quot;camera&quot;:&quot;&quot;,&quot;caption&quot;:&quot;&quot;,&quot;created_timestamp&quot;:&quot;0&quot;,&quot;copyright&quot;:&quot;&quot;,&quot;focal_length&quot;:&quot;0&quot;,&quot;iso&quot;:&quot;0&quot;,&quot;shutter_speed&quot;:&quot;0&quot;,&quot;title&quot;:&quot;&quot;,&quot;orientation&quot;:&quot;0&quot;}\" data-image-title=\"vellozia\" data-image-description=\"\" data-medium-file=\"https:\/\/i0.wp.com\/blog.cachacacanela-de-ema.com.br\/wp-content\/uploads\/2019\/07\/vellozia.jpeg?fit=300%2C225&#038;ssl=1\" data-large-file=\"https:\/\/i0.wp.com\/blog.cachacacanela-de-ema.com.br\/wp-content\/uploads\/2019\/07\/vellozia.jpeg?fit=750%2C563&#038;ssl=1\" src=\"https:\/\/i0.wp.com\/blog.cachacacanela-de-ema.com.br\/wp-content\/uploads\/2019\/07\/vellozia.jpeg?w=246&#038;h=184&#038;ssl=1\" srcset=\"https:\/\/i0.wp.com\/blog.cachacacanela-de-ema.com.br\/wp-content\/uploads\/2019\/07\/vellozia.jpeg?w=1280&amp;ssl=1 1280w, https:\/\/i0.wp.com\/blog.cachacacanela-de-ema.com.br\/wp-content\/uploads\/2019\/07\/vellozia.jpeg?resize=300%2C225&amp;ssl=1 300w, https:\/\/i0.wp.com\/blog.cachacacanela-de-ema.com.br\/wp-content\/uploads\/2019\/07\/vellozia.jpeg?resize=1024%2C768&amp;ssl=1 1024w, https:\/\/i0.wp.com\/blog.cachacacanela-de-ema.com.br\/wp-content\/uploads\/2019\/07\/vellozia.jpeg?resize=768%2C576&amp;ssl=1 768w, https:\/\/i0.wp.com\/blog.cachacacanela-de-ema.com.br\/wp-content\/uploads\/2019\/07\/vellozia.jpeg?resize=16%2C12&amp;ssl=1 16w, https:\/\/i0.wp.com\/blog.cachacacanela-de-ema.com.br\/wp-content\/uploads\/2019\/07\/vellozia.jpeg?resize=1200%2C900&amp;ssl=1 1200w, https:\/\/i0.wp.com\/blog.cachacacanela-de-ema.com.br\/wp-content\/uploads\/2019\/07\/vellozia.jpeg?resize=800%2C600&amp;ssl=1 800w, https:\/\/i0.wp.com\/blog.cachacacanela-de-ema.com.br\/wp-content\/uploads\/2019\/07\/vellozia.jpeg?resize=600%2C450&amp;ssl=1 600w, https:\/\/i0.wp.com\/blog.cachacacanela-de-ema.com.br\/wp-content\/uploads\/2019\/07\/vellozia.jpeg?resize=400%2C300&amp;ssl=1 400w, https:\/\/i0.wp.com\/blog.cachacacanela-de-ema.com.br\/wp-content\/uploads\/2019\/07\/vellozia.jpeg?resize=200%2C150&amp;ssl=1 200w\" width=\"246\" height=\"184\" loading=\"lazy\" data-original-width=\"246\" data-original-height=\"184\" itemprop=\"http:\/\/schema.org\/image\" title=\"vellozia\" alt=\"Vellozia-Squamata\" style=\"width: 246px; height: 184px;\" \/> <\/a> <div class=\"tiled-gallery-caption\" itemprop=\"caption description\"> Vellozia Squamata ou Canela-de-ema <\/div> <\/div> <\/div> <!-- close group --> <\/div> <!-- close row --> <div class=\"gallery-row\" style=\"width: 750px; height: 360px;\" data-original-width=\"750\" data-original-height=\"360\" > <div class=\"gallery-group images-1\" style=\"width: 479px; height: 360px;\" data-original-width=\"479\" data-original-height=\"360\" > <div class=\"tiled-gallery-item tiled-gallery-item-large\" itemprop=\"associatedMedia\" itemscope itemtype=\"http:\/\/schema.org\/ImageObject\"> <a href=\"https:\/\/blog.cachacacanela-de-ema.com.br\/en\/por-que-cachaca-canela-de-ema\/vellozia-3\/\" border=\"0\" itemprop=\"url\"> <meta itemprop=\"width\" content=\"475\"> <meta itemprop=\"height\" content=\"356\"> <img decoding=\"async\" class=\"\" data-attachment-id=\"6124\" data-orig-file=\"https:\/\/blog.cachacacanela-de-ema.com.br\/wp-content\/uploads\/2019\/07\/Vellozia-3.jpeg\" data-orig-size=\"1280,960\" data-comments-opened=\"1\" data-image-meta=\"{&quot;aperture&quot;:&quot;0&quot;,&quot;credit&quot;:&quot;&quot;,&quot;camera&quot;:&quot;&quot;,&quot;caption&quot;:&quot;&quot;,&quot;created_timestamp&quot;:&quot;0&quot;,&quot;copyright&quot;:&quot;&quot;,&quot;focal_length&quot;:&quot;0&quot;,&quot;iso&quot;:&quot;0&quot;,&quot;shutter_speed&quot;:&quot;0&quot;,&quot;title&quot;:&quot;&quot;,&quot;orientation&quot;:&quot;0&quot;}\" data-image-title=\"Vellozia\" data-image-description=\"\" data-medium-file=\"https:\/\/i0.wp.com\/blog.cachacacanela-de-ema.com.br\/wp-content\/uploads\/2019\/07\/Vellozia-3.jpeg?fit=300%2C225&#038;ssl=1\" data-large-file=\"https:\/\/i0.wp.com\/blog.cachacacanela-de-ema.com.br\/wp-content\/uploads\/2019\/07\/Vellozia-3.jpeg?fit=750%2C563&#038;ssl=1\" src=\"https:\/\/i0.wp.com\/blog.cachacacanela-de-ema.com.br\/wp-content\/uploads\/2019\/07\/Vellozia-3.jpeg?w=475&#038;h=356&#038;ssl=1\" srcset=\"https:\/\/i0.wp.com\/blog.cachacacanela-de-ema.com.br\/wp-content\/uploads\/2019\/07\/Vellozia-3.jpeg?w=1280&amp;ssl=1 1280w, https:\/\/i0.wp.com\/blog.cachacacanela-de-ema.com.br\/wp-content\/uploads\/2019\/07\/Vellozia-3.jpeg?resize=300%2C225&amp;ssl=1 300w, https:\/\/i0.wp.com\/blog.cachacacanela-de-ema.com.br\/wp-content\/uploads\/2019\/07\/Vellozia-3.jpeg?resize=1024%2C768&amp;ssl=1 1024w, https:\/\/i0.wp.com\/blog.cachacacanela-de-ema.com.br\/wp-content\/uploads\/2019\/07\/Vellozia-3.jpeg?resize=768%2C576&amp;ssl=1 768w, https:\/\/i0.wp.com\/blog.cachacacanela-de-ema.com.br\/wp-content\/uploads\/2019\/07\/Vellozia-3.jpeg?resize=16%2C12&amp;ssl=1 16w, https:\/\/i0.wp.com\/blog.cachacacanela-de-ema.com.br\/wp-content\/uploads\/2019\/07\/Vellozia-3.jpeg?resize=1200%2C900&amp;ssl=1 1200w, https:\/\/i0.wp.com\/blog.cachacacanela-de-ema.com.br\/wp-content\/uploads\/2019\/07\/Vellozia-3.jpeg?resize=800%2C600&amp;ssl=1 800w, https:\/\/i0.wp.com\/blog.cachacacanela-de-ema.com.br\/wp-content\/uploads\/2019\/07\/Vellozia-3.jpeg?resize=600%2C450&amp;ssl=1 600w, https:\/\/i0.wp.com\/blog.cachacacanela-de-ema.com.br\/wp-content\/uploads\/2019\/07\/Vellozia-3.jpeg?resize=400%2C300&amp;ssl=1 400w, https:\/\/i0.wp.com\/blog.cachacacanela-de-ema.com.br\/wp-content\/uploads\/2019\/07\/Vellozia-3.jpeg?resize=200%2C150&amp;ssl=1 200w\" width=\"475\" height=\"356\" loading=\"lazy\" data-original-width=\"475\" data-original-height=\"356\" itemprop=\"http:\/\/schema.org\/image\" title=\"Vellozia\" alt=\"Vellozia-Squamata\" style=\"width: 475px; height: 356px;\" \/> <\/a> <div class=\"tiled-gallery-caption\" itemprop=\"caption description\"> Vellozia Squamata ou Canela-de-ema <\/div> <\/div> <\/div> <!-- close group --> <div class=\"gallery-group images-1\" style=\"width: 271px; height: 360px;\" data-original-width=\"271\" data-original-height=\"360\" > <div class=\"tiled-gallery-item tiled-gallery-item-large\" itemprop=\"associatedMedia\" itemscope itemtype=\"http:\/\/schema.org\/ImageObject\"> <a href=\"https:\/\/blog.cachacacanela-de-ema.com.br\/en\/por-que-cachaca-canela-de-ema\/vellozia-2\/\" border=\"0\" itemprop=\"url\"> <meta itemprop=\"width\" content=\"267\"> <meta itemprop=\"height\" content=\"356\"> <img decoding=\"async\" class=\"\" data-attachment-id=\"6123\" data-orig-file=\"https:\/\/blog.cachacacanela-de-ema.com.br\/wp-content\/uploads\/2019\/07\/Vellozia-2.jpeg\" data-orig-size=\"960,1280\" data-comments-opened=\"1\" data-image-meta=\"{&quot;aperture&quot;:&quot;0&quot;,&quot;credit&quot;:&quot;&quot;,&quot;camera&quot;:&quot;&quot;,&quot;caption&quot;:&quot;&quot;,&quot;created_timestamp&quot;:&quot;0&quot;,&quot;copyright&quot;:&quot;&quot;,&quot;focal_length&quot;:&quot;0&quot;,&quot;iso&quot;:&quot;0&quot;,&quot;shutter_speed&quot;:&quot;0&quot;,&quot;title&quot;:&quot;&quot;,&quot;orientation&quot;:&quot;0&quot;}\" data-image-title=\"Vellozia Squamata\" data-image-description=\"\" data-medium-file=\"https:\/\/i0.wp.com\/blog.cachacacanela-de-ema.com.br\/wp-content\/uploads\/2019\/07\/Vellozia-2.jpeg?fit=225%2C300&#038;ssl=1\" data-large-file=\"https:\/\/i0.wp.com\/blog.cachacacanela-de-ema.com.br\/wp-content\/uploads\/2019\/07\/Vellozia-2.jpeg?fit=750%2C1000&#038;ssl=1\" src=\"https:\/\/i0.wp.com\/blog.cachacacanela-de-ema.com.br\/wp-content\/uploads\/2019\/07\/Vellozia-2.jpeg?w=267&#038;h=356&#038;ssl=1\" srcset=\"https:\/\/i0.wp.com\/blog.cachacacanela-de-ema.com.br\/wp-content\/uploads\/2019\/07\/Vellozia-2.jpeg?w=960&amp;ssl=1 960w, https:\/\/i0.wp.com\/blog.cachacacanela-de-ema.com.br\/wp-content\/uploads\/2019\/07\/Vellozia-2.jpeg?resize=225%2C300&amp;ssl=1 225w, https:\/\/i0.wp.com\/blog.cachacacanela-de-ema.com.br\/wp-content\/uploads\/2019\/07\/Vellozia-2.jpeg?resize=768%2C1024&amp;ssl=1 768w, https:\/\/i0.wp.com\/blog.cachacacanela-de-ema.com.br\/wp-content\/uploads\/2019\/07\/Vellozia-2.jpeg?resize=9%2C12&amp;ssl=1 9w, https:\/\/i0.wp.com\/blog.cachacacanela-de-ema.com.br\/wp-content\/uploads\/2019\/07\/Vellozia-2.jpeg?resize=900%2C1200&amp;ssl=1 900w, https:\/\/i0.wp.com\/blog.cachacacanela-de-ema.com.br\/wp-content\/uploads\/2019\/07\/Vellozia-2.jpeg?resize=600%2C800&amp;ssl=1 600w, https:\/\/i0.wp.com\/blog.cachacacanela-de-ema.com.br\/wp-content\/uploads\/2019\/07\/Vellozia-2.jpeg?resize=450%2C600&amp;ssl=1 450w, https:\/\/i0.wp.com\/blog.cachacacanela-de-ema.com.br\/wp-content\/uploads\/2019\/07\/Vellozia-2.jpeg?resize=300%2C400&amp;ssl=1 300w, https:\/\/i0.wp.com\/blog.cachacacanela-de-ema.com.br\/wp-content\/uploads\/2019\/07\/Vellozia-2.jpeg?resize=150%2C200&amp;ssl=1 150w\" width=\"267\" height=\"356\" loading=\"lazy\" data-original-width=\"267\" data-original-height=\"356\" itemprop=\"http:\/\/schema.org\/image\" title=\"Vellozia Squamata\" alt=\"Vellozia-Squamata\" style=\"width: 267px; height: 356px;\" \/> <\/a> <div class=\"tiled-gallery-caption\" itemprop=\"caption description\"> Vellozia Squamata ou Canela-de-ema <\/div> <\/div> <\/div> <!-- close group --> <\/div> <!-- close row --> <\/div><a href=\"http:\/\/jcnavegasol.blogspot.com\/2009\/02\/arvores-do-cerrado.html\">Canela-de-Ema ou Vellozia Squamata, arbusto do cerrado da fam\u00edlia Velloziaceae, d\u00e1 nome \u00e0 Empresa Cacha\u00e7a Canela-de-Ema.&nbsp;<\/a><\/p>\n<p>S<span style=\"box-sizing: border-box; caret-color: #333333; font-variant-caps: normal; orphans: auto; widows: auto; -webkit-tap-highlight-color: rgba(26, 26, 26, 0.301961); -webkit-text-size-adjust: auto; -webkit-text-stroke-width: 0px; word-spacing: 0px\">\u00e3o poucos os dados agron\u00f4micos dispon\u00edveis sobre a Canela-de-ema, principalmente quanto \u00e0 produ\u00e7\u00e3o de mudas, sendo este um dos limitadores para o uso econ\u00f4mico desta planta. A produ\u00e7\u00e3o de mudas pode ser feita atrav\u00e9s de sementes rec\u00e9m colhidas, nestas condi\u00e7\u00f5es a germina\u00e7\u00e3o \u00e9 superior a 90%, ocorrendo em at\u00e9 10 dias. O substrato deve ser leve, assim como a camada de cobertura das sementes, pois estas s\u00e3o pequenas e delicadas. O desenvolvimento das plantas \u00e9 lento<\/span>.<\/p>\n<p>A empresa Agroneg\u00f3cios Fazenda Lagoa Seca do Brasil LTDA adotou como nome fantasia \u201cCacha\u00e7a Canela-de-Ema\u201d, porque esta planta simboliza a miss\u00e3o principal da empresa, que \u00e9 tornar a Fazenda Lagoa Seca autossustent\u00e1vel, com op\u00e7\u00e3o pela agricultura org\u00e2nica e a preserva\u00e7\u00e3o do cerrado e das seis nascentes da propriedade descritas nos v\u00eddeos abaixo.<\/p>\n<p>Nascente 1 &#8211; Lagoa Seca<\/p>\n<div id=\"v-GmbdeA8y-1\" class=\"video-player\"><iframe title='VideoPress Video Player' aria-label='VideoPress Video Player' width='750' height='424' src='https:\/\/videopress.com\/embed\/GmbdeA8y?hd=1&amp;cover=1&amp;loop=0&amp;autoPlay=0&amp;permalink=1&amp;muted=0&amp;controls=1&amp;playsinline=0&amp;useAverageColor=0&amp;preloadContent=metadata' frameborder='0' allowfullscreen data-resize-to-parent=\"true\" allow='clipboard-write'><\/iframe><script data-jetpack-boost=\"ignore\" src='https:\/\/s0.wp.com\/wp-content\/plugins\/video\/assets\/js\/next\/videopress-iframe.js'><\/script><\/div>\n<p><span style=\"\">&nbsp;Nascente 2 &#8211; Represa<\/span><\/p>\n<div id=\"v-NpK6PYxi-1\" class=\"video-player\"><iframe title='VideoPress Video Player' aria-label='VideoPress Video Player' width='750' height='424' src='https:\/\/videopress.com\/embed\/NpK6PYxi?hd=1&amp;cover=1&amp;loop=0&amp;autoPlay=0&amp;permalink=1&amp;muted=0&amp;controls=1&amp;playsinline=0&amp;useAverageColor=0&amp;preloadContent=metadata' frameborder='0' allowfullscreen data-resize-to-parent=\"true\" allow='clipboard-write'><\/iframe><script data-jetpack-boost=\"ignore\" src='https:\/\/s0.wp.com\/wp-content\/plugins\/video\/assets\/js\/next\/videopress-iframe.js'><\/script><\/div>\n<p>Nascente 3 &#8211; Bacuri<\/p>\n<div id=\"v-GLY4qEaI-1\" class=\"video-player\"><iframe title='VideoPress Video Player' aria-label='VideoPress Video Player' width='750' height='424' src='https:\/\/videopress.com\/embed\/GLY4qEaI?hd=1&amp;cover=1&amp;loop=0&amp;autoPlay=0&amp;permalink=1&amp;muted=0&amp;controls=1&amp;playsinline=0&amp;useAverageColor=0&amp;preloadContent=metadata' frameborder='0' allowfullscreen data-resize-to-parent=\"true\" allow='clipboard-write'><\/iframe><script data-jetpack-boost=\"ignore\" src='https:\/\/s0.wp.com\/wp-content\/plugins\/video\/assets\/js\/next\/videopress-iframe.js'><\/script><\/div>\n<p>Nascente 4 &#8211; Gameleira<\/p>\n<div id=\"v-BKCchllG-1\" class=\"video-player\"><iframe title='VideoPress Video Player' aria-label='VideoPress Video Player' width='750' height='420' src='https:\/\/videopress.com\/embed\/BKCchllG?hd=1&amp;cover=1&amp;loop=0&amp;autoPlay=0&amp;permalink=1&amp;muted=0&amp;controls=1&amp;playsinline=0&amp;useAverageColor=0&amp;preloadContent=metadata' frameborder='0' allowfullscreen data-resize-to-parent=\"true\" allow='clipboard-write'><\/iframe><script data-jetpack-boost=\"ignore\" src='https:\/\/s0.wp.com\/wp-content\/plugins\/video\/assets\/js\/next\/videopress-iframe.js'><\/script><\/div>\n<p>Nascente 5 &#8211; S\u00e3o Jos\u00e9<\/p>\n<div id=\"v-dp9T6RpJ-1\" class=\"video-player\"><iframe title='VideoPress Video Player' aria-label='VideoPress Video Player' width='750' height='424' src='https:\/\/videopress.com\/embed\/dp9T6RpJ?hd=1&amp;cover=1&amp;loop=0&amp;autoPlay=0&amp;permalink=1&amp;muted=0&amp;controls=1&amp;playsinline=0&amp;useAverageColor=0&amp;preloadContent=metadata' frameborder='0' allowfullscreen data-resize-to-parent=\"true\" allow='clipboard-write'><\/iframe><script data-jetpack-boost=\"ignore\" src='https:\/\/s0.wp.com\/wp-content\/plugins\/video\/assets\/js\/next\/videopress-iframe.js'><\/script><\/div>\n<p>Nascente 6 &#8211; Samambaia<\/p>\n<div id=\"v-bWT0ofut-1\" class=\"video-player\"><iframe title='VideoPress Video Player' aria-label='VideoPress Video Player' width='750' height='424' src='https:\/\/videopress.com\/embed\/bWT0ofut?hd=1&amp;cover=1&amp;loop=0&amp;autoPlay=0&amp;permalink=1&amp;muted=0&amp;controls=1&amp;playsinline=0&amp;useAverageColor=0&amp;preloadContent=metadata' frameborder='0' allowfullscreen data-resize-to-parent=\"true\" allow='clipboard-write'><\/iframe><script data-jetpack-boost=\"ignore\" src='https:\/\/s0.wp.com\/wp-content\/plugins\/video\/assets\/js\/next\/videopress-iframe.js'><\/script><\/div>\n<p>O carro chefe da empresa ser\u00e1 o alambique Cacha\u00e7a Canela-de-Ema, localizado \u00e0s margens da BR 452, Km 183, Itumbiara, Goi\u00e1s, tamb\u00e9m endere\u00e7o oficial da empresa. O <a href=\"http:\/\/www.cachacacanela-de-ema.com.br\/\">Emp\u00f3rio virtual Cacha\u00e7a Canela-de-Ema<\/a> \u00e9 o portal de vendas oficial da empresa e de outras marcas que priorizam tamb\u00e9m a qualidade e o meio ambiente. Tem ainda este&nbsp; <a href=\"https:\/\/blog.cachacacanela-de-ema.com.br\/en\/\">Blog Cacha\u00e7a Canela-de-Ema<\/a> que cuida, por sua vez, de informar e discutir tudo sobre cacha\u00e7a.<\/p>\n<p><div class=\"tiled-gallery type-rectangular tiled-gallery-unresized\" data-original-width=\"750\" data-carousel-extra='{&quot;blog_id&quot;:1,&quot;permalink&quot;:&quot;https:\\\/\\\/blog.cachacacanela-de-ema.com.br\\\/en\\\/por-que-cachaca-canela-de-ema\\\/&quot;,&quot;likes_blog_id&quot;:161072843}' itemscope itemtype=\"http:\/\/schema.org\/ImageGallery\" > <div class=\"gallery-row\" style=\"width: 750px; height: 532px;\" data-original-width=\"750\" data-original-height=\"532\" > <div class=\"gallery-group images-2\" style=\"width: 350px; height: 532px;\" data-original-width=\"350\" data-original-height=\"532\" > <div class=\"tiled-gallery-item tiled-gallery-item-large\" itemprop=\"associatedMedia\" itemscope itemtype=\"http:\/\/schema.org\/ImageObject\"> <a href=\"https:\/\/blog.cachacacanela-de-ema.com.br\/en\/seede-fazenda-lagoa-seca-e-area-do-futuro-alambique\/\" border=\"0\" itemprop=\"url\"> <meta itemprop=\"width\" content=\"346\"> <meta itemprop=\"height\" content=\"260\"> <img decoding=\"async\" class=\"\" data-attachment-id=\"1032\" data-orig-file=\"https:\/\/blog.cachacacanela-de-ema.com.br\/wp-content\/uploads\/2019\/06\/Seede-fazenda-Lagoa-Seca-e-\u00e1rea-do-futuro-alambique.jpg\" data-orig-size=\"2016,1512\" data-comments-opened=\"1\" data-image-meta=\"{&quot;aperture&quot;:&quot;0&quot;,&quot;credit&quot;:&quot;&quot;,&quot;camera&quot;:&quot;&quot;,&quot;caption&quot;:&quot;&quot;,&quot;created_timestamp&quot;:&quot;0&quot;,&quot;copyright&quot;:&quot;&quot;,&quot;focal_length&quot;:&quot;0&quot;,&quot;iso&quot;:&quot;0&quot;,&quot;shutter_speed&quot;:&quot;0&quot;,&quot;title&quot;:&quot;&quot;,&quot;orientation&quot;:&quot;1&quot;}\" data-image-title=\"Fazenda-Lagoa-Seca-Seca\" data-image-description=\"&lt;p&gt;Sede da fazenda Lagoa Seca constru\u00edda no final do s\u00e9culo passado e local onde foi criada a fam\u00edlia de Sr. Jo\u00e3o Borges de Faria e Raimunda Luiza de Faria pais e av\u00f3s dos s\u00f3cios propriet\u00e1rios da Agroneg\u00f3cios Fazenda Lagoa Seca&lt;\/p&gt; \" data-medium-file=\"https:\/\/i0.wp.com\/blog.cachacacanela-de-ema.com.br\/wp-content\/uploads\/2019\/06\/Seede-fazenda-Lagoa-Seca-e-%C3%A1rea-do-futuro-alambique.jpg?fit=300%2C225&#038;ssl=1\" data-large-file=\"https:\/\/i0.wp.com\/blog.cachacacanela-de-ema.com.br\/wp-content\/uploads\/2019\/06\/Seede-fazenda-Lagoa-Seca-e-%C3%A1rea-do-futuro-alambique.jpg?fit=750%2C563&#038;ssl=1\" src=\"https:\/\/i0.wp.com\/blog.cachacacanela-de-ema.com.br\/wp-content\/uploads\/2019\/06\/Seede-fazenda-Lagoa-Seca-e-%C3%A1rea-do-futuro-alambique.jpg?w=346&#038;h=260&#038;ssl=1\" width=\"346\" height=\"260\" loading=\"lazy\" data-original-width=\"346\" data-original-height=\"260\" itemprop=\"http:\/\/schema.org\/image\" title=\"Fazenda-Lagoa-Seca-Seca\" alt=\"Fazenda Lagoa Seca, munic\u00edpio de Itumbiara Goias\" style=\"width: 346px; height: 260px;\" \/> <\/a> <div class=\"tiled-gallery-caption\" itemprop=\"caption description\"> Sede da fazenda Lagoa e local onde est\u00e1 instalado o Alambique Cacha\u00e7a canela-de-Ema <\/div> <\/div> <div class=\"tiled-gallery-item tiled-gallery-item-large\" itemprop=\"associatedMedia\" itemscope itemtype=\"http:\/\/schema.org\/ImageObject\"> <a href=\"https:\/\/blog.cachacacanela-de-ema.com.br\/en\/?attachment_id=3864\" border=\"0\" itemprop=\"url\"> <meta itemprop=\"width\" content=\"346\"> <meta itemprop=\"height\" content=\"264\"> <img decoding=\"async\" class=\"\" data-attachment-id=\"3864\" data-orig-file=\"https:\/\/blog.cachacacanela-de-ema.com.br\/wp-content\/uploads\/2021\/06\/fachada-do-Alambique-Cachaca-Canela-de-ema.jpg\" data-orig-size=\"392,299\" data-comments-opened=\"1\" data-image-meta=\"{&quot;aperture&quot;:&quot;0&quot;,&quot;credit&quot;:&quot;&quot;,&quot;camera&quot;:&quot;&quot;,&quot;caption&quot;:&quot;&quot;,&quot;created_timestamp&quot;:&quot;0&quot;,&quot;copyright&quot;:&quot;&quot;,&quot;focal_length&quot;:&quot;0&quot;,&quot;iso&quot;:&quot;0&quot;,&quot;shutter_speed&quot;:&quot;0&quot;,&quot;title&quot;:&quot;&quot;,&quot;orientation&quot;:&quot;0&quot;}\" data-image-title=\"fachada do Alambique Cacha\u00e7a Canela-de-ema\" data-image-description=\"\" data-medium-file=\"https:\/\/i0.wp.com\/blog.cachacacanela-de-ema.com.br\/wp-content\/uploads\/2021\/06\/fachada-do-Alambique-Cachaca-Canela-de-ema.jpg?fit=300%2C229&#038;ssl=1\" data-large-file=\"https:\/\/i0.wp.com\/blog.cachacacanela-de-ema.com.br\/wp-content\/uploads\/2021\/06\/fachada-do-Alambique-Cachaca-Canela-de-ema.jpg?fit=392%2C299&#038;ssl=1\" src=\"https:\/\/i0.wp.com\/blog.cachacacanela-de-ema.com.br\/wp-content\/uploads\/2021\/06\/fachada-do-Alambique-Cachaca-Canela-de-ema.jpg?w=346&#038;h=264&#038;ssl=1\" srcset=\"https:\/\/i0.wp.com\/blog.cachacacanela-de-ema.com.br\/wp-content\/uploads\/2021\/06\/fachada-do-Alambique-Cachaca-Canela-de-ema.jpg?w=392&amp;ssl=1 392w, https:\/\/i0.wp.com\/blog.cachacacanela-de-ema.com.br\/wp-content\/uploads\/2021\/06\/fachada-do-Alambique-Cachaca-Canela-de-ema.jpg?resize=300%2C229&amp;ssl=1 300w, https:\/\/i0.wp.com\/blog.cachacacanela-de-ema.com.br\/wp-content\/uploads\/2021\/06\/fachada-do-Alambique-Cachaca-Canela-de-ema.jpg?resize=16%2C12&amp;ssl=1 16w\" width=\"346\" height=\"264\" loading=\"lazy\" data-original-width=\"346\" data-original-height=\"264\" itemprop=\"http:\/\/schema.org\/image\" title=\"fachada do Alambique Cacha\u00e7a Canela-de-ema\" alt=\"alambique-canela-de-ema\" style=\"width: 346px; height: 264px;\" \/> <\/a> <div class=\"tiled-gallery-caption\" itemprop=\"caption description\"> Fachada do alambique cacha\u00e7a Canela-de-ema &#8211; 2020 <\/div> <\/div> <\/div> <!-- close group --> <div class=\"gallery-group images-1\" style=\"width: 400px; height: 532px;\" data-original-width=\"400\" data-original-height=\"532\" > <div class=\"tiled-gallery-item tiled-gallery-item-large\" itemprop=\"associatedMedia\" itemscope itemtype=\"http:\/\/schema.org\/ImageObject\"> <a href=\"https:\/\/blog.cachacacanela-de-ema.com.br\/en\/?attachment_id=3875\" border=\"0\" itemprop=\"url\"> <meta itemprop=\"width\" content=\"396\"> <meta itemprop=\"height\" content=\"528\"> <img decoding=\"async\" class=\"\" data-attachment-id=\"3875\" data-orig-file=\"https:\/\/blog.cachacacanela-de-ema.com.br\/wp-content\/uploads\/2021\/06\/34a41c08-5209-413b-9346-50b874fec42d-3.jpg\" data-orig-size=\"960,1280\" data-comments-opened=\"1\" data-image-meta=\"{&quot;aperture&quot;:&quot;0&quot;,&quot;credit&quot;:&quot;&quot;,&quot;camera&quot;:&quot;&quot;,&quot;caption&quot;:&quot;&quot;,&quot;created_timestamp&quot;:&quot;0&quot;,&quot;copyright&quot;:&quot;&quot;,&quot;focal_length&quot;:&quot;0&quot;,&quot;iso&quot;:&quot;0&quot;,&quot;shutter_speed&quot;:&quot;0&quot;,&quot;title&quot;:&quot;&quot;,&quot;orientation&quot;:&quot;0&quot;}\" data-image-title=\"34a41c08-5209-413b-9346-50b874fec42d\" data-image-description=\"\" data-medium-file=\"https:\/\/i0.wp.com\/blog.cachacacanela-de-ema.com.br\/wp-content\/uploads\/2021\/06\/34a41c08-5209-413b-9346-50b874fec42d-3.jpg?fit=225%2C300&#038;ssl=1\" data-large-file=\"https:\/\/i0.wp.com\/blog.cachacacanela-de-ema.com.br\/wp-content\/uploads\/2021\/06\/34a41c08-5209-413b-9346-50b874fec42d-3.jpg?fit=750%2C1000&#038;ssl=1\" src=\"https:\/\/i0.wp.com\/blog.cachacacanela-de-ema.com.br\/wp-content\/uploads\/2021\/06\/34a41c08-5209-413b-9346-50b874fec42d-3.jpg?w=396&#038;h=528&#038;ssl=1\" srcset=\"https:\/\/i0.wp.com\/blog.cachacacanela-de-ema.com.br\/wp-content\/uploads\/2021\/06\/34a41c08-5209-413b-9346-50b874fec42d-3.jpg?w=960&amp;ssl=1 960w, https:\/\/i0.wp.com\/blog.cachacacanela-de-ema.com.br\/wp-content\/uploads\/2021\/06\/34a41c08-5209-413b-9346-50b874fec42d-3.jpg?resize=225%2C300&amp;ssl=1 225w, https:\/\/i0.wp.com\/blog.cachacacanela-de-ema.com.br\/wp-content\/uploads\/2021\/06\/34a41c08-5209-413b-9346-50b874fec42d-3.jpg?resize=768%2C1024&amp;ssl=1 768w, https:\/\/i0.wp.com\/blog.cachacacanela-de-ema.com.br\/wp-content\/uploads\/2021\/06\/34a41c08-5209-413b-9346-50b874fec42d-3.jpg?resize=9%2C12&amp;ssl=1 9w, https:\/\/i0.wp.com\/blog.cachacacanela-de-ema.com.br\/wp-content\/uploads\/2021\/06\/34a41c08-5209-413b-9346-50b874fec42d-3.jpg?resize=600%2C800&amp;ssl=1 600w\" width=\"396\" height=\"528\" loading=\"lazy\" data-original-width=\"396\" data-original-height=\"528\" itemprop=\"http:\/\/schema.org\/image\" title=\"34a41c08-5209-413b-9346-50b874fec42d\" alt=\"Destilaria\" style=\"width: 396px; height: 528px;\" \/> <\/a> <div class=\"tiled-gallery-caption\" itemprop=\"caption description\"> Destilaria <\/div> <\/div> <\/div> <!-- close group --> <\/div> <!-- close row --> <div class=\"gallery-row\" style=\"width: 750px; height: 254px;\" data-original-width=\"750\" data-original-height=\"254\" > <div class=\"gallery-group images-1\" style=\"width: 191px; height: 254px;\" data-original-width=\"191\" data-original-height=\"254\" > <div class=\"tiled-gallery-item tiled-gallery-item-small\" itemprop=\"associatedMedia\" itemscope itemtype=\"http:\/\/schema.org\/ImageObject\"> <a href=\"https:\/\/blog.cachacacanela-de-ema.com.br\/en\/?attachment_id=3874\" border=\"0\" itemprop=\"url\"> <meta itemprop=\"width\" content=\"187\"> <meta itemprop=\"height\" content=\"250\"> <img decoding=\"async\" class=\"\" data-attachment-id=\"3874\" data-orig-file=\"https:\/\/blog.cachacacanela-de-ema.com.br\/wp-content\/uploads\/2021\/06\/4a900deb-fb56-46d6-ae04-c0cf3ead8933-3.jpg\" data-orig-size=\"960,1280\" data-comments-opened=\"1\" data-image-meta=\"{&quot;aperture&quot;:&quot;0&quot;,&quot;credit&quot;:&quot;&quot;,&quot;camera&quot;:&quot;&quot;,&quot;caption&quot;:&quot;&quot;,&quot;created_timestamp&quot;:&quot;0&quot;,&quot;copyright&quot;:&quot;&quot;,&quot;focal_length&quot;:&quot;0&quot;,&quot;iso&quot;:&quot;0&quot;,&quot;shutter_speed&quot;:&quot;0&quot;,&quot;title&quot;:&quot;&quot;,&quot;orientation&quot;:&quot;0&quot;}\" data-image-title=\"4a900deb-fb56-46d6-ae04-c0cf3ead8933\" data-image-description=\"\" data-medium-file=\"https:\/\/i0.wp.com\/blog.cachacacanela-de-ema.com.br\/wp-content\/uploads\/2021\/06\/4a900deb-fb56-46d6-ae04-c0cf3ead8933-3.jpg?fit=225%2C300&#038;ssl=1\" data-large-file=\"https:\/\/i0.wp.com\/blog.cachacacanela-de-ema.com.br\/wp-content\/uploads\/2021\/06\/4a900deb-fb56-46d6-ae04-c0cf3ead8933-3.jpg?fit=750%2C1000&#038;ssl=1\" src=\"https:\/\/i0.wp.com\/blog.cachacacanela-de-ema.com.br\/wp-content\/uploads\/2021\/06\/4a900deb-fb56-46d6-ae04-c0cf3ead8933-3.jpg?w=187&#038;h=250&#038;ssl=1\" srcset=\"https:\/\/i0.wp.com\/blog.cachacacanela-de-ema.com.br\/wp-content\/uploads\/2021\/06\/4a900deb-fb56-46d6-ae04-c0cf3ead8933-3.jpg?w=960&amp;ssl=1 960w, https:\/\/i0.wp.com\/blog.cachacacanela-de-ema.com.br\/wp-content\/uploads\/2021\/06\/4a900deb-fb56-46d6-ae04-c0cf3ead8933-3.jpg?resize=225%2C300&amp;ssl=1 225w, https:\/\/i0.wp.com\/blog.cachacacanela-de-ema.com.br\/wp-content\/uploads\/2021\/06\/4a900deb-fb56-46d6-ae04-c0cf3ead8933-3.jpg?resize=768%2C1024&amp;ssl=1 768w, https:\/\/i0.wp.com\/blog.cachacacanela-de-ema.com.br\/wp-content\/uploads\/2021\/06\/4a900deb-fb56-46d6-ae04-c0cf3ead8933-3.jpg?resize=9%2C12&amp;ssl=1 9w, https:\/\/i0.wp.com\/blog.cachacacanela-de-ema.com.br\/wp-content\/uploads\/2021\/06\/4a900deb-fb56-46d6-ae04-c0cf3ead8933-3.jpg?resize=600%2C800&amp;ssl=1 600w\" width=\"187\" height=\"250\" loading=\"lazy\" data-original-width=\"187\" data-original-height=\"250\" itemprop=\"http:\/\/schema.org\/image\" title=\"4a900deb-fb56-46d6-ae04-c0cf3ead8933\" alt=\"Destilaria com caldeira ao fundo\" style=\"width: 187px; height: 250px;\" \/> <\/a> <div class=\"tiled-gallery-caption\" itemprop=\"caption description\"> Destilaria com caldeira ao fundo <\/div> <\/div> <\/div> <!-- close group --> <div class=\"gallery-group images-1\" style=\"width: 559px; height: 254px;\" data-original-width=\"559\" data-original-height=\"254\" > <div class=\"tiled-gallery-item tiled-gallery-item-large\" itemprop=\"associatedMedia\" itemscope itemtype=\"http:\/\/schema.org\/ImageObject\"> <a href=\"https:\/\/blog.cachacacanela-de-ema.com.br\/en\/?attachment_id=3871\" border=\"0\" itemprop=\"url\"> <meta itemprop=\"width\" content=\"555\"> <meta itemprop=\"height\" content=\"250\"> <img decoding=\"async\" class=\"\" data-attachment-id=\"3871\" data-orig-file=\"https:\/\/blog.cachacacanela-de-ema.com.br\/wp-content\/uploads\/2021\/06\/toneis-de-carvalho.jpg\" data-orig-size=\"437,197\" data-comments-opened=\"1\" data-image-meta=\"{&quot;aperture&quot;:&quot;0&quot;,&quot;credit&quot;:&quot;&quot;,&quot;camera&quot;:&quot;&quot;,&quot;caption&quot;:&quot;&quot;,&quot;created_timestamp&quot;:&quot;0&quot;,&quot;copyright&quot;:&quot;&quot;,&quot;focal_length&quot;:&quot;0&quot;,&quot;iso&quot;:&quot;0&quot;,&quot;shutter_speed&quot;:&quot;0&quot;,&quot;title&quot;:&quot;&quot;,&quot;orientation&quot;:&quot;0&quot;}\" data-image-title=\"toneis de carvalho\" data-image-description=\"\" data-medium-file=\"https:\/\/i0.wp.com\/blog.cachacacanela-de-ema.com.br\/wp-content\/uploads\/2021\/06\/toneis-de-carvalho.jpg?fit=300%2C135&#038;ssl=1\" data-large-file=\"https:\/\/i0.wp.com\/blog.cachacacanela-de-ema.com.br\/wp-content\/uploads\/2021\/06\/toneis-de-carvalho.jpg?fit=437%2C197&#038;ssl=1\" src=\"https:\/\/i0.wp.com\/blog.cachacacanela-de-ema.com.br\/wp-content\/uploads\/2021\/06\/toneis-de-carvalho.jpg?w=555&#038;h=250&#038;ssl=1\" srcset=\"https:\/\/i0.wp.com\/blog.cachacacanela-de-ema.com.br\/wp-content\/uploads\/2021\/06\/toneis-de-carvalho.jpg?w=437&amp;ssl=1 437w, https:\/\/i0.wp.com\/blog.cachacacanela-de-ema.com.br\/wp-content\/uploads\/2021\/06\/toneis-de-carvalho.jpg?resize=300%2C135&amp;ssl=1 300w, https:\/\/i0.wp.com\/blog.cachacacanela-de-ema.com.br\/wp-content\/uploads\/2021\/06\/toneis-de-carvalho.jpg?resize=16%2C7&amp;ssl=1 16w\" width=\"555\" height=\"250\" loading=\"lazy\" data-original-width=\"555\" data-original-height=\"250\" itemprop=\"http:\/\/schema.org\/image\" title=\"toneis de carvalho\" alt=\"Barris de envelhecimento\" style=\"width: 555px; height: 250px;\" \/> <\/a> <div class=\"tiled-gallery-caption\" itemprop=\"caption description\"> Barris de envelhecimento <\/div> <\/div> <\/div> <!-- close group --> <\/div> <!-- close row --> <\/div>A Cacha\u00e7a Canela-de-Ema deu in\u00edcio aos estudos de produzir uma cacha\u00e7a acondicionada com chips do tronco da Canela-de-ema com envelhecimento no Carvalho, como permite o <a href=\"https:\/\/www.in.gov.br\/en\/web\/dou\/-\/portaria-mapa-n-539-de-26-de-dezembro-de-2022-453828778\">MAPA<\/a>, com isso, em breve poderemos ter novos sabores e aromas da Cacha\u00e7a canela-de-ema. Aguardem!<\/p>\n<p>Ad\u00e3o V. de Faria, Eduardo F. Junqueira e Felipe G. J. de Faria<\/p>","protected":false},"excerpt":{"rendered":"<p>Canela-de-ema a f\u00e9nix do cerrado \u00e9 quem d\u00e1 o nome ao Emp\u00f3rio Cacha\u00e7a Canela-de-ema e \u00e0 empresa Agroneg\u00f3cios Fazenda Lagoa Seca do Brasil LTDA, Cacha\u00e7a canela-de-Ema.<\/p>","protected":false},"author":155988474,"featured_media":6127,"comment_status":"open","ping_status":"open","sticky":false,"template":"","format":"standard","meta":{"_coblocks_attr":"","_coblocks_dimensions":"","_coblocks_responsive_height":"","_coblocks_accordion_ie_support":"","_crdt_document":"","_monsterinsights_skip_tracking":false,"_monsterinsights_sitenote_active":false,"_monsterinsights_sitenote_note":"","_monsterinsights_sitenote_category":0,"_uf_show_specific_survey":0,"_uf_disable_surveys":false,"_jetpack_newsletter_access":"","_jetpack_dont_email_post_to_subs":false,"_jetpack_newsletter_tier_id":0,"_jetpack_memberships_contains_paywalled_content":false,"_jetpack_memberships_contains_paid_content":false,"footnotes":"","jetpack_publicize_message":"Por que Cacha\u00e7a Canela-de-Ema?\nPorque \u00e9 uma planta natural do cerrado que por suas caracter\u00edsticas e propriedades simbolizam os ideais do nosso empreendimento, que s\u00e3o: produzir cacha\u00e7a de excelente qualidade de maneira sustent\u00e1vel, preservando o solo, as reservas do bioma cerrado da Fazenda Lagoa Seca e suas seis nascentes, em Itumbiara Goi\u00e1s.  ","jetpack_publicize_feature_enabled":true,"jetpack_social_post_already_shared":true,"jetpack_social_options":{"image_generator_settings":{"template":"highway","default_image_id":0,"font":"","enabled":false},"version":2},"jetpack_post_was_ever_published":false},"categories":[677118748,677118749,677118738,677118752],"tags":[677118741,677118740,677119094,677118811,677118737,677118796],"class_list":["post-1243","post","type-post","status-publish","format-standard","has-post-thumbnail","hentry","category-cachaca","category-cachaca-organica","category-conhecimento","category-organico","tag-alambique","tag-cachaca","tag-cachaca-acondicionada-com-canela-de-ema","tag-cachaca-e-cultura","tag-cachaca-canela-de-ema","tag-flor-canela-de-ema"],"aioseo_notices":[],"jetpack_publicize_connections":[],"jetpack_featured_media_url":"https:\/\/i0.wp.com\/blog.cachacacanela-de-ema.com.br\/wp-content\/uploads\/2019\/07\/Vellozzia.jpeg?fit=1280%2C960&ssl=1","jetpack_likes_enabled":true,"jetpack_sharing_enabled":true,"jetpack_shortlink":"https:\/\/wp.me\/paTQp5-k3","amp_enabled":true,"_links":{"self":[{"href":"https:\/\/blog.cachacacanela-de-ema.com.br\/en\/wp-json\/wp\/v2\/posts\/1243","targetHints":{"allow":["GET"]}}],"collection":[{"href":"https:\/\/blog.cachacacanela-de-ema.com.br\/en\/wp-json\/wp\/v2\/posts"}],"about":[{"href":"https:\/\/blog.cachacacanela-de-ema.com.br\/en\/wp-json\/wp\/v2\/types\/post"}],"author":[{"embeddable":true,"href":"https:\/\/blog.cachacacanela-de-ema.com.br\/en\/wp-json\/wp\/v2\/users\/155988474"}],"replies":[{"embeddable":true,"href":"https:\/\/blog.cachacacanela-de-ema.com.br\/en\/wp-json\/wp\/v2\/comments?post=1243"}],"version-history":[{"count":37,"href":"https:\/\/blog.cachacacanela-de-ema.com.br\/en\/wp-json\/wp\/v2\/posts\/1243\/revisions"}],"predecessor-version":[{"id":7034,"href":"https:\/\/blog.cachacacanela-de-ema.com.br\/en\/wp-json\/wp\/v2\/posts\/1243\/revisions\/7034"}],"wp:featuredmedia":[{"embeddable":true,"href":"https:\/\/blog.cachacacanela-de-ema.com.br\/en\/wp-json\/wp\/v2\/media\/6127"}],"wp:attachment":[{"href":"https:\/\/blog.cachacacanela-de-ema.com.br\/en\/wp-json\/wp\/v2\/media?parent=1243"}],"wp:term":[{"taxonomy":"category","embeddable":true,"href":"https:\/\/blog.cachacacanela-de-ema.com.br\/en\/wp-json\/wp\/v2\/categories?post=1243"},{"taxonomy":"post_tag","embeddable":true,"href":"https:\/\/blog.cachacacanela-de-ema.com.br\/en\/wp-json\/wp\/v2\/tags?post=1243"}],"curies":[{"name":"wp","href":"https:\/\/api.w.org\/{rel}","templated":true}]}}